{"id":1203,"date":"2021-11-14T10:38:56","date_gmt":"2021-11-14T10:38:56","guid":{"rendered":"https:\/\/a3space.org\/?p=1203"},"modified":"2024-05-19T10:39:41","modified_gmt":"2024-05-19T10:39:41","slug":"international-conference-on-security-science-and-peace-was-held","status":"publish","type":"post","link":"https:\/\/a3space.org\/en\/international-conference-on-security-science-and-peace-was-held\/","title":{"rendered":"International conference on security, science and peace was held"},"content":{"rendered":"<p>A two-day conference entitled &#8216;Security, Science and Peace Conference&#8217; organized by the Croatian Pugwash Group, a branch of the Pugwash Conferences on Science and World Affairs (<a href=\"https:\/\/pugwash.org\/\">https:\/\/pugwash.org\/<\/a>) and the World Academy of Arts and Science (<a href=\"http:\/\/www.worldacademy.org\/\">www.worldacademy.org<\/a>) was held from the 12-13 November 2021. It was held in a hybrid form due to epidemiological measures. The conference was held under the high patronage of the President of the Republic of Croatia, Mr. Zoran Milanovi\u0107, and within the platform Conference on the Future of Europe.<\/p>\n<p>In two days, six topics on security, science and peace were discussed. Academician Ivo \u0160laus, member of the International Council of Pugwash, Paolo Cotta Ramusino, Secretary General of the Pugwash Conferences on Science and World Affairs, G\u00f6tz Neuneck from EuroPugwash and Zvonimir \u0160iki\u0107, President of the Croatian Pugwash Group, addressed the gathering at the beginning. The conference was moderated by Ana Jerkovi\u0107, Vice President of the Croatian Pugwash Group.<\/p>\n<p>The first panel dealt with the topic &#8216;How can Croatia contribute to the security and peace policies of the European Union&#8217;, and was discussed by former President Ivo Josipovi\u0107, former Minister Vesna Pusi\u0107, Ambassador Bo\u017eo Kova\u010devi\u0107 and Kr\u0161evan Antun Dujmovi\u0107 from IRMO. The second panel held was on\u00a0 &#8216;Science and Security&#8217; in which the panelists were G\u00f6tz Neuneck from EuroPugwash, Krunoslav Pisk, Director of the IUC, Nikola Protrka from the Ministry of the Interior and Toni Prug from the University of Rijeka. The third topic &#8216;Nuclear Disarmament and Global Security&#8217; was a round table with Paolo Cotta Ramusino, Secretary General of Pugwash, Ambassador of Japan Misako Kaji, Ambassador of Kazakhstan Tolezhan Barlybayev, Ambassador of the Netherlands Henk Voskamp and Ambassador of Switzerland Emilia Georgieva.<\/p>\n<p>The second day of the conference began with the panel on the role of the Non-Aligned Movement today, which was discussed by former President Stjepan Mesi\u0107, Ambassador of Azerbaijan Fakhraddin Gurbanov, diplomat Budimir Lon\u010dar and scientist Asim Kurjak. The panel on Emerging Technologies was held with presentations by J\u00fcrgen Altmann from the University of Dortmund, Frano Barbir from FESB, Haris Boko, Director of EUBusinees and Bojan Pe\u010dnik, Director of Hipersfera. The conference was concluded with the panel &#8216;Croatia and Space&#8217; in which Tome Anti\u010di\u0107 from the Institute Ru\u0111er Bo\u0161kovi\u0107, Marina Skender from FERIT, Slobodan Bosanac, director of the Adriatic Aerospace Organization and Mirta Medani\u0107 from Amphinicy Technologies presented their views on this topic.<\/p>\n<p><img fetchpriority=\"high\" decoding=\"async\" class=\"alignnone size-medium wp-image-5186\" src=\"https:\/\/a3space.org\/wp-content\/uploads\/2021\/11\/bosanac1-300x175.png\" alt=\"\" width=\"300\" height=\"175\" \/> <img decoding=\"async\" class=\"alignnone size-medium wp-image-5185\" src=\"https:\/\/a3space.org\/wp-content\/uploads\/2021\/11\/bosanac-300x177.png\" alt=\"\" width=\"300\" height=\"177\" \/> <img decoding=\"async\" class=\"alignnone size-medium wp-image-5188\" src=\"https:\/\/a3space.org\/wp-content\/uploads\/2021\/11\/pugwash_1-dan-300x170.jpg\" alt=\"\" width=\"300\" height=\"170\" \/> <img loading=\"lazy\" decoding=\"async\" class=\"alignnone size-medium wp-image-5189\" src=\"https:\/\/a3space.org\/wp-content\/uploads\/2021\/11\/pugwash_2-dan-300x188.jpg\" alt=\"\" width=\"300\" height=\"188\" \/><\/p>\n","protected":false},"excerpt":{"rendered":"<p>A two-day conference entitled &#8216;Security, Science and Peace Conference&#8217; organized by the Croatian Pugwash Group, a branch of the Pugwash Conferences on Science and World Affairs (https:\/\/pugwash.org\/) and the World Academy of Arts and Science (www.worldacademy.org) was held from the 12-13 November 2021. It was held in a hybrid form due to epidemiological measures. The [&hellip;]<\/p>\n","protected":false},"author":1,"featured_media":1204,"comment_status":"open","ping_status":"open","sticky":false,"template":"","format":"standard","meta":{"footnotes":""},"categories":[24],"tags":[],"class_list":["post-1203","post","type-post","status-publish","format-standard","has-post-thumbnail","hentry","category-vijesti"],"yoast_head":"<!-- This site is optimized with the Yoast SEO Premium plugin v23.3 (Yoast SEO v25.9) - https:\/\/yoast.com\/wordpress\/plugins\/seo\/ -->\n<title>International conference on security, science and peace was held - Adriatic Aerospace Association<\/title>\n<meta name=\"robots\" content=\"index, follow, max-snippet:-1, max-image-preview:large, max-video-preview:-1\" \/>\n<link rel=\"canonical\" href=\"https:\/\/a3space.org\/en\/international-conference-on-security-science-and-peace-was-held\/\" \/>\n<meta property=\"og:locale\" content=\"en_US\" \/>\n<meta property=\"og:type\" content=\"article\" \/>\n<meta property=\"og:title\" content=\"International conference on security, science and peace was held\" \/>\n<meta property=\"og:description\" content=\"A two-day conference entitled &#8216;Security, Science and Peace Conference&#8217; organized by the Croatian Pugwash Group, a branch of the Pugwash Conferences on Science and World Affairs (https:\/\/pugwash.org\/) and the World Academy of Arts and Science (www.worldacademy.org) was held from the 12-13 November 2021. It was held in a hybrid form due to epidemiological measures. The [&hellip;]\" \/>\n<meta property=\"og:url\" content=\"https:\/\/a3space.org\/en\/international-conference-on-security-science-and-peace-was-held\/\" \/>\n<meta property=\"og:site_name\" content=\"Adriatic Aerospace Association\" \/>\n<meta property=\"article:published_time\" content=\"2021-11-14T10:38:56+00:00\" \/>\n<meta property=\"article:modified_time\" content=\"2024-05-19T10:39:41+00:00\" \/>\n<meta property=\"og:image\" content=\"https:\/\/a3space.org\/wp-content\/uploads\/2024\/05\/prvi-slajd-1024x608-1.jpg\" \/>\n\t<meta property=\"og:image:width\" content=\"1024\" \/>\n\t<meta property=\"og:image:height\" content=\"608\" \/>\n\t<meta property=\"og:image:type\" content=\"image\/jpeg\" \/>\n<meta name=\"author\" content=\"dgazibar\" \/>\n<meta name=\"twitter:card\" content=\"summary_large_image\" \/>\n<meta name=\"twitter:label1\" content=\"Written by\" \/>\n\t<meta name=\"twitter:data1\" content=\"dgazibar\" \/>\n\t<meta name=\"twitter:label2\" content=\"Est. reading time\" \/>\n\t<meta name=\"twitter:data2\" content=\"2 minutes\" \/>\n<script type=\"application\/ld+json\" class=\"yoast-schema-graph\">{\"@context\":\"https:\/\/schema.org\",\"@graph\":[{\"@type\":\"Article\",\"@id\":\"https:\/\/a3space.org\/en\/international-conference-on-security-science-and-peace-was-held\/#article\",\"isPartOf\":{\"@id\":\"https:\/\/a3space.org\/en\/international-conference-on-security-science-and-peace-was-held\/\"},\"author\":{\"name\":\"dgazibar\",\"@id\":\"https:\/\/a3space.org\/en\/#\/schema\/person\/69aa21d9f8868a6f17055f6b2a314957\"},\"headline\":\"International conference on security, science and peace was held\",\"datePublished\":\"2021-11-14T10:38:56+00:00\",\"dateModified\":\"2024-05-19T10:39:41+00:00\",\"mainEntityOfPage\":{\"@id\":\"https:\/\/a3space.org\/en\/international-conference-on-security-science-and-peace-was-held\/\"},\"wordCount\":412,\"commentCount\":0,\"publisher\":{\"@id\":\"https:\/\/a3space.org\/en\/#organization\"},\"image\":{\"@id\":\"https:\/\/a3space.org\/en\/international-conference-on-security-science-and-peace-was-held\/#primaryimage\"},\"thumbnailUrl\":\"https:\/\/a3space.org\/wp-content\/uploads\/2024\/05\/prvi-slajd-1024x608-1.jpg\",\"articleSection\":[\"Vijesti\"],\"inLanguage\":\"en-US\"},{\"@type\":\"WebPage\",\"@id\":\"https:\/\/a3space.org\/en\/international-conference-on-security-science-and-peace-was-held\/\",\"url\":\"https:\/\/a3space.org\/en\/international-conference-on-security-science-and-peace-was-held\/\",\"name\":\"International conference on security, science and peace was held - Adriatic Aerospace Association\",\"isPartOf\":{\"@id\":\"https:\/\/a3space.org\/en\/#website\"},\"primaryImageOfPage\":{\"@id\":\"https:\/\/a3space.org\/en\/international-conference-on-security-science-and-peace-was-held\/#primaryimage\"},\"image\":{\"@id\":\"https:\/\/a3space.org\/en\/international-conference-on-security-science-and-peace-was-held\/#primaryimage\"},\"thumbnailUrl\":\"https:\/\/a3space.org\/wp-content\/uploads\/2024\/05\/prvi-slajd-1024x608-1.jpg\",\"datePublished\":\"2021-11-14T10:38:56+00:00\",\"dateModified\":\"2024-05-19T10:39:41+00:00\",\"breadcrumb\":{\"@id\":\"https:\/\/a3space.org\/en\/international-conference-on-security-science-and-peace-was-held\/#breadcrumb\"},\"inLanguage\":\"en-US\",\"potentialAction\":[{\"@type\":\"ReadAction\",\"target\":[\"https:\/\/a3space.org\/en\/international-conference-on-security-science-and-peace-was-held\/\"]}]},{\"@type\":\"ImageObject\",\"inLanguage\":\"en-US\",\"@id\":\"https:\/\/a3space.org\/en\/international-conference-on-security-science-and-peace-was-held\/#primaryimage\",\"url\":\"https:\/\/a3space.org\/wp-content\/uploads\/2024\/05\/prvi-slajd-1024x608-1.jpg\",\"contentUrl\":\"https:\/\/a3space.org\/wp-content\/uploads\/2024\/05\/prvi-slajd-1024x608-1.jpg\",\"width\":1024,\"height\":608},{\"@type\":\"BreadcrumbList\",\"@id\":\"https:\/\/a3space.org\/en\/international-conference-on-security-science-and-peace-was-held\/#breadcrumb\",\"itemListElement\":[{\"@type\":\"ListItem\",\"position\":1,\"name\":\"Po\u010detna stranica\",\"item\":\"https:\/\/a3space.org\/en\/\"},{\"@type\":\"ListItem\",\"position\":2,\"name\":\"International conference on security, science and peace was held\"}]},{\"@type\":\"WebSite\",\"@id\":\"https:\/\/a3space.org\/en\/#website\",\"url\":\"https:\/\/a3space.org\/en\/\",\"name\":\"Adriatic Aerospace Association\",\"description\":\"My WordPress Blog\",\"publisher\":{\"@id\":\"https:\/\/a3space.org\/en\/#organization\"},\"potentialAction\":[{\"@type\":\"SearchAction\",\"target\":{\"@type\":\"EntryPoint\",\"urlTemplate\":\"https:\/\/a3space.org\/en\/?s={search_term_string}\"},\"query-input\":{\"@type\":\"PropertyValueSpecification\",\"valueRequired\":true,\"valueName\":\"search_term_string\"}}],\"inLanguage\":\"en-US\"},{\"@type\":\"Organization\",\"@id\":\"https:\/\/a3space.org\/en\/#organization\",\"name\":\"Adriatic Aerospace Association\",\"url\":\"https:\/\/a3space.org\/en\/\",\"logo\":{\"@type\":\"ImageObject\",\"inLanguage\":\"en-US\",\"@id\":\"https:\/\/a3space.org\/en\/#\/schema\/logo\/image\/\",\"url\":\"https:\/\/a3space.org\/wp-content\/uploads\/2024\/02\/A3_logo_white-02.png\",\"contentUrl\":\"https:\/\/a3space.org\/wp-content\/uploads\/2024\/02\/A3_logo_white-02.png\",\"width\":2315,\"height\":985,\"caption\":\"Adriatic Aerospace Association\"},\"image\":{\"@id\":\"https:\/\/a3space.org\/en\/#\/schema\/logo\/image\/\"}},{\"@type\":\"Person\",\"@id\":\"https:\/\/a3space.org\/en\/#\/schema\/person\/69aa21d9f8868a6f17055f6b2a314957\",\"name\":\"dgazibar\",\"image\":{\"@type\":\"ImageObject\",\"inLanguage\":\"en-US\",\"@id\":\"https:\/\/a3space.org\/en\/#\/schema\/person\/image\/\",\"url\":\"https:\/\/secure.gravatar.com\/avatar\/34d9039ffbb6b5309c393e1f062a57d5adbf847dbb51f5d1f366f31b91fedf71?s=96&d=mm&r=g\",\"contentUrl\":\"https:\/\/secure.gravatar.com\/avatar\/34d9039ffbb6b5309c393e1f062a57d5adbf847dbb51f5d1f366f31b91fedf71?s=96&d=mm&r=g\",\"caption\":\"dgazibar\"},\"sameAs\":[\"https:\/\/a3space.org\"],\"url\":\"https:\/\/a3space.org\/en\/author\/dgazibar\/\"}]}<\/script>\n<!-- \/ Yoast SEO Premium plugin. -->","yoast_head_json":{"title":"International conference on security, science and peace was held - Adriatic Aerospace Association","robots":{"index":"index","follow":"follow","max-snippet":"max-snippet:-1","max-image-preview":"max-image-preview:large","max-video-preview":"max-video-preview:-1"},"canonical":"https:\/\/a3space.org\/en\/international-conference-on-security-science-and-peace-was-held\/","og_locale":"en_US","og_type":"article","og_title":"International conference on security, science and peace was held","og_description":"A two-day conference entitled &#8216;Security, Science and Peace Conference&#8217; organized by the Croatian Pugwash Group, a branch of the Pugwash Conferences on Science and World Affairs (https:\/\/pugwash.org\/) and the World Academy of Arts and Science (www.worldacademy.org) was held from the 12-13 November 2021. It was held in a hybrid form due to epidemiological measures. The [&hellip;]","og_url":"https:\/\/a3space.org\/en\/international-conference-on-security-science-and-peace-was-held\/","og_site_name":"Adriatic Aerospace Association","article_published_time":"2021-11-14T10:38:56+00:00","article_modified_time":"2024-05-19T10:39:41+00:00","og_image":[{"width":1024,"height":608,"url":"https:\/\/a3space.org\/wp-content\/uploads\/2024\/05\/prvi-slajd-1024x608-1.jpg","type":"image\/jpeg"}],"author":"dgazibar","twitter_card":"summary_large_image","twitter_misc":{"Written by":"dgazibar","Est. reading time":"2 minutes"},"schema":{"@context":"https:\/\/schema.org","@graph":[{"@type":"Article","@id":"https:\/\/a3space.org\/en\/international-conference-on-security-science-and-peace-was-held\/#article","isPartOf":{"@id":"https:\/\/a3space.org\/en\/international-conference-on-security-science-and-peace-was-held\/"},"author":{"name":"dgazibar","@id":"https:\/\/a3space.org\/en\/#\/schema\/person\/69aa21d9f8868a6f17055f6b2a314957"},"headline":"International conference on security, science and peace was held","datePublished":"2021-11-14T10:38:56+00:00","dateModified":"2024-05-19T10:39:41+00:00","mainEntityOfPage":{"@id":"https:\/\/a3space.org\/en\/international-conference-on-security-science-and-peace-was-held\/"},"wordCount":412,"commentCount":0,"publisher":{"@id":"https:\/\/a3space.org\/en\/#organization"},"image":{"@id":"https:\/\/a3space.org\/en\/international-conference-on-security-science-and-peace-was-held\/#primaryimage"},"thumbnailUrl":"https:\/\/a3space.org\/wp-content\/uploads\/2024\/05\/prvi-slajd-1024x608-1.jpg","articleSection":["Vijesti"],"inLanguage":"en-US"},{"@type":"WebPage","@id":"https:\/\/a3space.org\/en\/international-conference-on-security-science-and-peace-was-held\/","url":"https:\/\/a3space.org\/en\/international-conference-on-security-science-and-peace-was-held\/","name":"International conference on security, science and peace was held - Adriatic Aerospace Association","isPartOf":{"@id":"https:\/\/a3space.org\/en\/#website"},"primaryImageOfPage":{"@id":"https:\/\/a3space.org\/en\/international-conference-on-security-science-and-peace-was-held\/#primaryimage"},"image":{"@id":"https:\/\/a3space.org\/en\/international-conference-on-security-science-and-peace-was-held\/#primaryimage"},"thumbnailUrl":"https:\/\/a3space.org\/wp-content\/uploads\/2024\/05\/prvi-slajd-1024x608-1.jpg","datePublished":"2021-11-14T10:38:56+00:00","dateModified":"2024-05-19T10:39:41+00:00","breadcrumb":{"@id":"https:\/\/a3space.org\/en\/international-conference-on-security-science-and-peace-was-held\/#breadcrumb"},"inLanguage":"en-US","potentialAction":[{"@type":"ReadAction","target":["https:\/\/a3space.org\/en\/international-conference-on-security-science-and-peace-was-held\/"]}]},{"@type":"ImageObject","inLanguage":"en-US","@id":"https:\/\/a3space.org\/en\/international-conference-on-security-science-and-peace-was-held\/#primaryimage","url":"https:\/\/a3space.org\/wp-content\/uploads\/2024\/05\/prvi-slajd-1024x608-1.jpg","contentUrl":"https:\/\/a3space.org\/wp-content\/uploads\/2024\/05\/prvi-slajd-1024x608-1.jpg","width":1024,"height":608},{"@type":"BreadcrumbList","@id":"https:\/\/a3space.org\/en\/international-conference-on-security-science-and-peace-was-held\/#breadcrumb","itemListElement":[{"@type":"ListItem","position":1,"name":"Po\u010detna stranica","item":"https:\/\/a3space.org\/en\/"},{"@type":"ListItem","position":2,"name":"International conference on security, science and peace was held"}]},{"@type":"WebSite","@id":"https:\/\/a3space.org\/en\/#website","url":"https:\/\/a3space.org\/en\/","name":"Adriatic Aerospace Association","description":"My WordPress Blog","publisher":{"@id":"https:\/\/a3space.org\/en\/#organization"},"potentialAction":[{"@type":"SearchAction","target":{"@type":"EntryPoint","urlTemplate":"https:\/\/a3space.org\/en\/?s={search_term_string}"},"query-input":{"@type":"PropertyValueSpecification","valueRequired":true,"valueName":"search_term_string"}}],"inLanguage":"en-US"},{"@type":"Organization","@id":"https:\/\/a3space.org\/en\/#organization","name":"Adriatic Aerospace Association","url":"https:\/\/a3space.org\/en\/","logo":{"@type":"ImageObject","inLanguage":"en-US","@id":"https:\/\/a3space.org\/en\/#\/schema\/logo\/image\/","url":"https:\/\/a3space.org\/wp-content\/uploads\/2024\/02\/A3_logo_white-02.png","contentUrl":"https:\/\/a3space.org\/wp-content\/uploads\/2024\/02\/A3_logo_white-02.png","width":2315,"height":985,"caption":"Adriatic Aerospace Association"},"image":{"@id":"https:\/\/a3space.org\/en\/#\/schema\/logo\/image\/"}},{"@type":"Person","@id":"https:\/\/a3space.org\/en\/#\/schema\/person\/69aa21d9f8868a6f17055f6b2a314957","name":"dgazibar","image":{"@type":"ImageObject","inLanguage":"en-US","@id":"https:\/\/a3space.org\/en\/#\/schema\/person\/image\/","url":"https:\/\/secure.gravatar.com\/avatar\/34d9039ffbb6b5309c393e1f062a57d5adbf847dbb51f5d1f366f31b91fedf71?s=96&d=mm&r=g","contentUrl":"https:\/\/secure.gravatar.com\/avatar\/34d9039ffbb6b5309c393e1f062a57d5adbf847dbb51f5d1f366f31b91fedf71?s=96&d=mm&r=g","caption":"dgazibar"},"sameAs":["https:\/\/a3space.org"],"url":"https:\/\/a3space.org\/en\/author\/dgazibar\/"}]}},"_links":{"self":[{"href":"https:\/\/a3space.org\/en\/wp-json\/wp\/v2\/posts\/1203","targetHints":{"allow":["GET"]}}],"collection":[{"href":"https:\/\/a3space.org\/en\/wp-json\/wp\/v2\/posts"}],"about":[{"href":"https:\/\/a3space.org\/en\/wp-json\/wp\/v2\/types\/post"}],"author":[{"embeddable":true,"href":"https:\/\/a3space.org\/en\/wp-json\/wp\/v2\/users\/1"}],"replies":[{"embeddable":true,"href":"https:\/\/a3space.org\/en\/wp-json\/wp\/v2\/comments?post=1203"}],"version-history":[{"count":0,"href":"https:\/\/a3space.org\/en\/wp-json\/wp\/v2\/posts\/1203\/revisions"}],"wp:featuredmedia":[{"embeddable":true,"href":"https:\/\/a3space.org\/en\/wp-json\/wp\/v2\/media\/1204"}],"wp:attachment":[{"href":"https:\/\/a3space.org\/en\/wp-json\/wp\/v2\/media?parent=1203"}],"wp:term":[{"taxonomy":"category","embeddable":true,"href":"https:\/\/a3space.org\/en\/wp-json\/wp\/v2\/categories?post=1203"},{"taxonomy":"post_tag","embeddable":true,"href":"https:\/\/a3space.org\/en\/wp-json\/wp\/v2\/tags?post=1203"}],"curies":[{"name":"wp","href":"https:\/\/api.w.org\/{rel}","templated":true}]}}